{"id":666,"date":"2026-07-21T11:56:05","date_gmt":"2026-07-21T09:56:05","guid":{"rendered":"https:\/\/somoscomunidadbajonalon.com\/v20\/?p=666"},"modified":"2026-07-21T12:18:30","modified_gmt":"2026-07-21T10:18:30","slug":"fundacion-social-mar-de-niebla","status":"publish","type":"post","link":"https:\/\/somoscomunidadbajonalon.com\/v20\/2026\/07\/21\/fundacion-social-mar-de-niebla\/","title":{"rendered":"Fundaci\u00f3n Social Mar de Niebla"},"content":{"rendered":"\n<blockquote class=\"wp-block-quote is-layout-flow wp-block-quote-is-layout-flow\">\n<ul class=\"wp-block-list\">\n<li><strong>\u00abEntregeneraciones: Tejiendo redes contra la&nbsp;Soledad&nbsp;No Deseada&nbsp;en Asturias\u00bb<\/strong><\/li>\n<\/ul>\n<\/blockquote>\n\n\n\n<blockquote class=\"wp-block-quote is-layout-flow wp-block-quote-is-layout-flow\">\n<p class=\"wp-block-paragraph\">La&nbsp;<strong>soledad no deseada<\/strong>&nbsp;es una realidad que afecta a muchas personas en nuestro territorio, independientemente de su edad. Para poder combatirla eficazmente, desde la Fundaci\u00f3n Social Mar de Niebla, est\u00e1n realizando un&nbsp;<strong>diagn\u00f3stico participativo y territorializado<\/strong>&nbsp;que les permita entender mejor esta situaci\u00f3n y orientar futuras acciones de apoyo en los diferentes municipios asturianos.&nbsp;<\/p>\n\n\n\n<p class=\"wp-block-paragraph\"><strong>Datos clave sobre la encuesta:<\/strong><\/p>\n\n\n\n<ul class=\"wp-block-list\">\n<li><strong>Rapidez:<\/strong>&nbsp;Solo toma unos&nbsp;10<strong>&nbsp;minutos<\/strong>&nbsp;completarla.&nbsp;<\/li>\n\n\n\n<li><strong>Anonimato:<\/strong>&nbsp;Es totalmente&nbsp;an\u00f3nima y confidencial;&nbsp;los datos se usar\u00e1n exclusivamente para fines de investigaci\u00f3n&nbsp;&nbsp;<\/li>\n\n\n\n<li><strong>Resultado<\/strong>:&nbsp;Los resultados de este estudio podr\u00e1n hacerse p\u00fablicos y utilizarse con fines acad\u00e9micos, cient\u00edficos, as\u00ed como para la elaboraci\u00f3n de pol\u00edticas p\u00fablicas y acciones comunitarias. En todo caso, la informaci\u00f3n se presentar\u00e1 de forma agregada y an\u00f3nima, sin que sea posible identificar a los participantes.&nbsp;<\/li>\n\n\n\n<li><strong>Impacto:<\/strong>&nbsp;Ayudar\u00e1 a identificar causas como el sentimiento de aislamiento, las dificultades de transporte o la falta de redes de apoyo.<\/li>\n<\/ul>\n<\/blockquote>\n\n\n\n<blockquote class=\"wp-block-quote is-layout-flow wp-block-quote-is-layout-flow\">\n<p class=\"wp-block-paragraph\"><strong>Pod\u00e9is acceder y compartir la encuesta a trav\u00e9s del siguiente&nbsp;enlace, QR, PDF y cartel adjunto:<\/strong>&nbsp;<\/p>\n\n\n\n<p class=\"wp-block-paragraph\"><a href=\"https:\/\/urldefense.com\/v3\/__https:\/\/forms.cloud.microsoft\/e\/RB0N6wWWGa__;!!A1cT_ZQKGRGp-uqtzgM4!yWJ3JD6dDTFH4D8nC2QCDJV-5N10ul_W07ZtubrbxWIPPrepZfOk8-bTScc-FCyvjy620ff3FrMpvlcHp4V2vRt_F5dGyk3uddo_ZFmEOg$\" rel=\"noreferrer noopener\" target=\"_blank\"><u>Encuesta Entregeneraciones. Soledad en Asturias 2026: Rellenar formulario<\/u><\/a><\/p>\n<\/blockquote>\n\n\n\n<figure class=\"wp-block-image size-large\"><img loading=\"lazy\" decoding=\"async\" width=\"724\" height=\"1024\" src=\"https:\/\/somoscomunidadbajonalon.com\/v20\/wp-content\/uploads\/2026\/07\/WhatsApp-Image-2026-07-08-at-13.04.27-724x1024.jpeg\" alt=\"\" class=\"wp-image-667\" srcset=\"https:\/\/somoscomunidadbajonalon.com\/v20\/wp-content\/uploads\/2026\/07\/WhatsApp-Image-2026-07-08-at-13.04.27-724x1024.jpeg 724w, https:\/\/somoscomunidadbajonalon.com\/v20\/wp-content\/uploads\/2026\/07\/WhatsApp-Image-2026-07-08-at-13.04.27-212x300.jpeg 212w, https:\/\/somoscomunidadbajonalon.com\/v20\/wp-content\/uploads\/2026\/07\/WhatsApp-Image-2026-07-08-at-13.04.27-768x1086.jpeg 768w, https:\/\/somoscomunidadbajonalon.com\/v20\/wp-content\/uploads\/2026\/07\/WhatsApp-Image-2026-07-08-at-13.04.27-1086x1536.jpeg 1086w, https:\/\/somoscomunidadbajonalon.com\/v20\/wp-content\/uploads\/2026\/07\/WhatsApp-Image-2026-07-08-at-13.04.27-920x1302.jpeg 920w, https:\/\/somoscomunidadbajonalon.com\/v20\/wp-content\/uploads\/2026\/07\/WhatsApp-Image-2026-07-08-at-13.04.27-575x813.jpeg 575w, https:\/\/somoscomunidadbajonalon.com\/v20\/wp-content\/uploads\/2026\/07\/WhatsApp-Image-2026-07-08-at-13.04.27-380x538.jpeg 380w, https:\/\/somoscomunidadbajonalon.com\/v20\/wp-content\/uploads\/2026\/07\/WhatsApp-Image-2026-07-08-at-13.04.27.jpeg 1131w\" sizes=\"auto, (max-width: 724px) 100vw, 724px\" \/><\/figure>\n\n\n<figure class=\"wp-block-post-featured-image\"><img loading=\"lazy\" decoding=\"async\" width=\"1131\" height=\"1600\" src=\"https:\/\/somoscomunidadbajonalon.com\/v20\/wp-content\/uploads\/2026\/07\/WhatsApp-Image-2026-07-08-at-13.04.27.jpeg\" class=\"attachment-post-thumbnail size-post-thumbnail wp-post-image\" alt=\"\" style=\"object-fit:cover;\" srcset=\"https:\/\/somoscomunidadbajonalon.com\/v20\/wp-content\/uploads\/2026\/07\/WhatsApp-Image-2026-07-08-at-13.04.27.jpeg 1131w, https:\/\/somoscomunidadbajonalon.com\/v20\/wp-content\/uploads\/2026\/07\/WhatsApp-Image-2026-07-08-at-13.04.27-212x300.jpeg 212w, https:\/\/somoscomunidadbajonalon.com\/v20\/wp-content\/uploads\/2026\/07\/WhatsApp-Image-2026-07-08-at-13.04.27-724x1024.jpeg 724w, https:\/\/somoscomunidadbajonalon.com\/v20\/wp-content\/uploads\/2026\/07\/WhatsApp-Image-2026-07-08-at-13.04.27-768x1086.jpeg 768w, https:\/\/somoscomunidadbajonalon.com\/v20\/wp-content\/uploads\/2026\/07\/WhatsApp-Image-2026-07-08-at-13.04.27-1086x1536.jpeg 1086w, https:\/\/somoscomunidadbajonalon.com\/v20\/wp-content\/uploads\/2026\/07\/WhatsApp-Image-2026-07-08-at-13.04.27-920x1302.jpeg 920w, https:\/\/somoscomunidadbajonalon.com\/v20\/wp-content\/uploads\/2026\/07\/WhatsApp-Image-2026-07-08-at-13.04.27-575x813.jpeg 575w, https:\/\/somoscomunidadbajonalon.com\/v20\/wp-content\/uploads\/2026\/07\/WhatsApp-Image-2026-07-08-at-13.04.27-380x538.jpeg 380w\" sizes=\"auto, (max-width: 1131px) 100vw, 1131px\" \/><\/figure>","protected":false},"excerpt":{"rendered":"<p>Pod\u00e9is acceder y compartir la encuesta a trav\u00e9s del siguiente&nbsp;enlace, QR, PDF y cartel adjunto:&nbsp; Encuesta Entregeneraciones. Soledad en Asturias 2026: Rellenar formulario<\/p>\n","protected":false},"author":3,"featured_media":667,"comment_status":"closed","ping_status":"closed","sticky":false,"template":"","format":"standard","meta":{"footnotes":""},"categories":[1],"tags":[],"class_list":["post-666","post","type-post","status-publish","format-standard","has-post-thumbnail","hentry","category-noticias"],"_links":{"self":[{"href":"https:\/\/somoscomunidadbajonalon.com\/v20\/wp-json\/wp\/v2\/posts\/666","targetHints":{"allow":["GET"]}}],"collection":[{"href":"https:\/\/somoscomunidadbajonalon.com\/v20\/wp-json\/wp\/v2\/posts"}],"about":[{"href":"https:\/\/somoscomunidadbajonalon.com\/v20\/wp-json\/wp\/v2\/types\/post"}],"author":[{"embeddable":true,"href":"https:\/\/somoscomunidadbajonalon.com\/v20\/wp-json\/wp\/v2\/users\/3"}],"replies":[{"embeddable":true,"href":"https:\/\/somoscomunidadbajonalon.com\/v20\/wp-json\/wp\/v2\/comments?post=666"}],"version-history":[{"count":2,"href":"https:\/\/somoscomunidadbajonalon.com\/v20\/wp-json\/wp\/v2\/posts\/666\/revisions"}],"predecessor-version":[{"id":670,"href":"https:\/\/somoscomunidadbajonalon.com\/v20\/wp-json\/wp\/v2\/posts\/666\/revisions\/670"}],"wp:featuredmedia":[{"embeddable":true,"href":"https:\/\/somoscomunidadbajonalon.com\/v20\/wp-json\/wp\/v2\/media\/667"}],"wp:attachment":[{"href":"https:\/\/somoscomunidadbajonalon.com\/v20\/wp-json\/wp\/v2\/media?parent=666"}],"wp:term":[{"taxonomy":"category","embeddable":true,"href":"https:\/\/somoscomunidadbajonalon.com\/v20\/wp-json\/wp\/v2\/categories?post=666"},{"taxonomy":"post_tag","embeddable":true,"href":"https:\/\/somoscomunidadbajonalon.com\/v20\/wp-json\/wp\/v2\/tags?post=666"}],"curies":[{"name":"wp","href":"https:\/\/api.w.org\/{rel}","templated":true}]}}